{"id":59,"date":"2020-12-22T17:15:00","date_gmt":"2020-12-22T16:15:00","guid":{"rendered":"http:\/\/olivierbrunner.org\/?p=59"},"modified":"2020-12-27T17:21:38","modified_gmt":"2020-12-27T16:21:38","slug":"pour-bien-terminer-lannee-la-fresque-du-climat-avec-mia-et-ses-partenaires","status":"publish","type":"post","link":"https:\/\/olivierbrunner.org\/index.php\/2020\/12\/22\/pour-bien-terminer-lannee-la-fresque-du-climat-avec-mia-et-ses-partenaires\/","title":{"rendered":"Pour bien terminer l&rsquo;ann\u00e9e, La Fresque du Climat avec mia et ses partenaires"},"content":{"rendered":"\n<p>En cette fin d&rsquo;ann\u00e9e, j&rsquo;ai eu le plaisir d&rsquo;animer un atelier <a href=\"https:\/\/www.linkedin.com\/company\/la-fresque-du-climat\/\">La Fresque du Climat<\/a> pour <a href=\"https:\/\/www.linkedin.com\/company\/map-in-action\/\">mia (map in action)<\/a>&nbsp;et ses partenaires&nbsp;!<\/p>\n\n\n\n<p>Un moment \u00e0 la fois convivial et pr\u00e9cieux dans une prise de conscience encore plus pouss\u00e9e des impacts de l&rsquo;activit\u00e9 humaine sur nos \u00e9cosyst\u00e8mes \ud83d\udea8 et l&rsquo;identification de nouvelles pistes d&rsquo;action en faveur de l&rsquo;environnement avec mia \ud83c\udf0e.<\/p>\n\n\n\n<p>Une action qui a r\u00e9uni toute l&rsquo;\u00e9quipe mia,&nbsp;<a href=\"https:\/\/www.linkedin.com\/in\/ACoAAAd00A0BPSsxX38jTb1SW1IvAp116iP_sPU\">Vincent Pacini<\/a>,&nbsp;<a href=\"https:\/\/www.linkedin.com\/in\/ACoAAAG7SGMBZ-DT6CSdhvY5vxi-ZRU0X9fUsAo\">Patrick Emin<\/a>,&nbsp;<a href=\"https:\/\/www.linkedin.com\/in\/ACoAABUIA-ABIe83cWbxfnN3j5ZKT6bsVryf1d4\">Val\u00e9rian P\u00eape<\/a>,&nbsp;<a href=\"https:\/\/www.linkedin.com\/in\/ACoAABthgbwBS6huAmwXUwGZ0QSndRIkWSKmV7Y\">Yusuf G\u00fcng\u00f6r<\/a>,&nbsp;<a href=\"https:\/\/www.linkedin.com\/in\/ACoAAARzE48BKhneqq0eZCWM374p606IxaIWWjU\">Celine Tisseyre<\/a>,&nbsp;<a href=\"https:\/\/www.linkedin.com\/in\/ACoAACbpbKYB4sfR1IsLZfTsX4-_TgIzxI91NK8\">Phil\u00e9mon Duval<\/a>&nbsp;et&nbsp;<a href=\"https:\/\/www.linkedin.com\/in\/ACoAAAmE2_8Bdz9E2oW-OJS9IQeZeiSA3S6WClc\">Quentin GAILLARD<\/a>&nbsp;et ses partenaires ambassadeurs,&nbsp;<a href=\"https:\/\/www.linkedin.com\/in\/ACoAAA4MQU8BLM-70Aud6uotU30O-SoACNwifVg\">Vincent LECOMTE<\/a>, Julie Quillon,&nbsp;<a href=\"https:\/\/www.linkedin.com\/in\/ACoAAAvYl7ABtVBDsMJt52C9rE1GKniBZ7gUpMU\">Claude NARIOO<\/a>,&nbsp;<a href=\"https:\/\/www.linkedin.com\/in\/ACoAAAPJMqsBhsRu75M0Ns_p_7JQNYiOb3Vci7E\">Franck Burdeyron<\/a>,&nbsp;<a href=\"https:\/\/www.linkedin.com\/in\/ACoAABiSXO0BGLweG6NtxuT6QJcItklZ8tVeC1o\">Maxime Fourcade<\/a>&nbsp;et&nbsp;<a href=\"https:\/\/www.linkedin.com\/in\/ACoAABpCw2UBRdArzBH1VT_GM4ckJBnfDzupwHo\">J\u00e9r\u00f4me Mabille<\/a>&nbsp;! \ud83e\udd1d<\/p>\n\n\n\n<figure class=\"wp-block-image\"><img src=\"https:\/\/media-exp1.licdn.com\/dms\/image\/C4D22AQHLqSoyPDfDuQ\/feedshare-shrink_2048_1536-alternative\/0\/1608743431467?e=1611792000&amp;v=beta&amp;t=4CYATF8QgmFnLAAVFoPVYAnZvgMEChHDKNE1hlxfkcc\" alt=\"Aucune description alternative pour cette image\"\/><\/figure>\n","protected":false},"excerpt":{"rendered":"<p>En cette fin d&rsquo;ann\u00e9e, j&rsquo;ai eu le plaisir d&rsquo;animer un atelier La Fresque du Climat pour mia (map in action)&nbsp;et ses partenaires&nbsp;! Un moment \u00e0 la fois convivial et pr\u00e9cieux dans une prise de conscience encore plus pouss\u00e9e des impacts de l&rsquo;activit\u00e9 humaine sur nos \u00e9cosyst\u00e8mes \ud83d\udea8 et l&rsquo;identification de nouvelles pistes d&rsquo;action en faveur&hellip;&nbsp;<a href=\"https:\/\/olivierbrunner.org\/index.php\/2020\/12\/22\/pour-bien-terminer-lannee-la-fresque-du-climat-avec-mia-et-ses-partenaires\/\" rel=\"bookmark\">Lire la suite &raquo;<span class=\"screen-reader-text\">Pour bien terminer l&rsquo;ann\u00e9e, La Fresque du Climat avec mia et ses partenaires<\/span><\/a><\/p>\n","protected":false},"author":1,"featured_media":0,"comment_status":"closed","ping_status":"open","sticky":false,"template":"","format":"standard","meta":{"neve_meta_sidebar":"","neve_meta_container":"","neve_meta_enable_content_width":"","neve_meta_content_width":0,"neve_meta_title_alignment":"","neve_meta_author_avatar":"","neve_post_elements_order":"","neve_meta_disable_header":"","neve_meta_disable_footer":"","neve_meta_disable_title":""},"categories":[1],"tags":[],"_links":{"self":[{"href":"https:\/\/olivierbrunner.org\/index.php\/wp-json\/wp\/v2\/posts\/59"}],"collection":[{"href":"https:\/\/olivierbrunner.org\/index.php\/wp-json\/wp\/v2\/posts"}],"about":[{"href":"https:\/\/olivierbrunner.org\/index.php\/wp-json\/wp\/v2\/types\/post"}],"author":[{"embeddable":true,"href":"https:\/\/olivierbrunner.org\/index.php\/wp-json\/wp\/v2\/users\/1"}],"replies":[{"embeddable":true,"href":"https:\/\/olivierbrunner.org\/index.php\/wp-json\/wp\/v2\/comments?post=59"}],"version-history":[{"count":2,"href":"https:\/\/olivierbrunner.org\/index.php\/wp-json\/wp\/v2\/posts\/59\/revisions"}],"predecessor-version":[{"id":61,"href":"https:\/\/olivierbrunner.org\/index.php\/wp-json\/wp\/v2\/posts\/59\/revisions\/61"}],"wp:attachment":[{"href":"https:\/\/olivierbrunner.org\/index.php\/wp-json\/wp\/v2\/media?parent=59"}],"wp:term":[{"taxonomy":"category","embeddable":true,"href":"https:\/\/olivierbrunner.org\/index.php\/wp-json\/wp\/v2\/categories?post=59"},{"taxonomy":"post_tag","embeddable":true,"href":"https:\/\/olivierbrunner.org\/index.php\/wp-json\/wp\/v2\/tags?post=59"}],"curies":[{"name":"wp","href":"https:\/\/api.w.org\/{rel}","templated":true}]}}