{"id":55,"date":"2020-10-02T17:00:44","date_gmt":"2020-10-02T15:00:44","guid":{"rendered":"http:\/\/olivierbrunner.org\/?p=55"},"modified":"2020-12-27T17:06:02","modified_gmt":"2020-12-27T16:06:02","slug":"le-debut-dune-collaboration-avec-map-in-action","status":"publish","type":"post","link":"https:\/\/olivierbrunner.org\/index.php\/2020\/10\/02\/le-debut-dune-collaboration-avec-map-in-action\/","title":{"rendered":"Le d\u00e9but d&rsquo;une collaboration avec map in action"},"content":{"rendered":"\n<p><em>Interview retranscrite depuis le site <a href=\"https:\/\/www.mapinaction.com\/actualites\">https:\/\/www.mapinaction.com\/actualites<\/a><\/em><\/p>\n\n\n\n<p>Nous sommes heureux de vous annoncer&nbsp;<strong>l\u2019arriv\u00e9e dans l\u2019\u00e9quipe de map in action d\u2019Olivier Brunner<\/strong>, notre nouveau&nbsp;<strong>chef de projet g\u00e9omatique et environnement<\/strong>&nbsp;! Sans compter nos nombreux partenaires et sous-traitants, nous voil\u00e0 donc d\u00e9sormais&nbsp;<strong>7 \u00e0 vivre l\u2019aventure mia \u00ab&nbsp;de l\u2019int\u00e9rieur&nbsp;\u00bb<\/strong>.<\/p>\n\n\n\n<p>Nous avons souhait\u00e9 donner la parole \u00e0 Olivier \u00e0 l\u2019occasion de son arriv\u00e9e, \u00e0 travers une interview, afin qu\u2019il puisse&nbsp;<strong>se pr\u00e9senter directement \u00e0 l\u2019\u00e9cosyst\u00e8me mia<\/strong>&nbsp;!<\/p>\n\n\n\n<figure class=\"wp-block-image\"><img src=\"https:\/\/mlveeblu3vhr.i.optimole.com\/bQG4fw-dSK3Lp2D\/w:800\/h:600\/q:auto\/https:\/\/www.mapinaction.com\/wp-content\/uploads\/2020\/10\/Olivier-Brunner.jpg\" alt=\"\" class=\"wp-image-421\"\/><\/figure>\n\n\n\n<h2>Bonjour Olivier&nbsp;! Pour commencer, pourrais-tu te pr\u00e9senter \u00e0 notre \u00e9cosyst\u00e8me en quelques mots&nbsp;?<\/h2>\n\n\n\n<p><em>\u00ab&nbsp;Bonjour ! J\u2019ai consacr\u00e9 les 15 premi\u00e8res ann\u00e9es de ma carri\u00e8re&nbsp;dans une grande banque fran\u00e7aise. J\u2019ai pu exercer des activit\u00e9s et occuper des postes aussi vari\u00e9s que passionnants au sein d\u2019\u00e9quipes formidables. J\u2019ai pu contribuer \u00e0 relever de nombreux challenges : des projets r\u00e9glementaires aux sujets strat\u00e9giques en passant par les enjeux de cybers\u00e9curit\u00e9.&nbsp;Ces derni\u00e8res ann\u00e9es, en tant que Chef de Projet et Responsable Produit Digital (retail puis corporate), je me suis passionn\u00e9 pour la mise en oeuvre des outils informatiques au service du bien commun.<\/em><\/p>\n\n\n\n<p><em>C\u2019est donc tout naturellement que j\u2019ai saisi l\u2019opportunit\u00e9 de cette nouvelle aventure. Passer de la grande banque \u00e0 la startup est une fabuleuse exp\u00e9rience que je suis heureux de d\u00e9buter avec mia ! Au sein de cette fabuleuse \u00e9quipe, je mets mon exp\u00e9rience et mes comp\u00e9tences au service des territoires, des associations et des entreprises. Je suis heureux de pouvoir&nbsp;accompagner ces dynamiques pour l\u2019ensemble de ces acteurs publics et priv\u00e9s, tous acteurs du vivre ensemble et de ce futur d\u00e9sirable et durable que nous construisons. mia est l\u2019outil permettant de relever ces d\u00e9fis&nbsp;\u00e9conomiques, sociaux et environnementaux, aussi exigeants que motivants.&nbsp;\u00bb<\/em><\/p>\n\n\n\n<h2>La g\u00e9omatique est un domaine d\u2019expertise assez rare&nbsp;: que faut-il en savoir et quels d\u00e9veloppements imaginer pour map in action&nbsp;?<\/h2>\n\n\n\n<p><em>\u00ab&nbsp;La g\u00e9omatique est le domaine d\u2019expertise permettant la prise en compte et l\u2019analyse de donn\u00e9es g\u00e9olocalis\u00e9es. Cette d\u00e9marche est au coeur de mia. En combinant un nombre important de donn\u00e9es,&nbsp;les prises de d\u00e9cisions et le pilotage des projets peuvent pleinement int\u00e9grer l\u2019h\u00e9t\u00e9rog\u00e9n\u00e9it\u00e9 des acteurs et des territoires.&nbsp;Les donn\u00e9es \u00e9conomiques, sociales et environnementales sont alors prises en compte en fonction de leur r\u00e9partition g\u00e9ographique sur ces territoires.<\/em><\/p>\n\n\n\n<p><em>Les opportunit\u00e9s, les enjeux tout comme les vuln\u00e9rabilit\u00e9s sont diff\u00e9rents d\u2019un quartier \u00e0 l\u2019autre, dans les villes et en campagne, sur le littoral ou dans l\u2019int\u00e9rieur des terres. Aujourd\u2019hui, une quantit\u00e9 tr\u00e8s importante de donn\u00e9es est produite par les acteurs publics et priv\u00e9s. Tout l\u2019enjeu du traitement de ces donn\u00e9es est de mettre \u00e0 disposition, simplement et visuellement, les informations cl\u00e9s permettant de prendre les meilleures d\u00e9cisions et de piloter les projets avec la meilleure efficience.&nbsp;\u00bb<\/em><\/p>\n\n\n\n<h2>L\u2019environnement est au c\u0153ur de tes engagements, c\u2019est d\u2019ailleurs l\u2019une des raisons qui t\u2019as motiv\u00e9 \u00e0 rejoindre notre \u00e9quipe. Quels sont les sujets qui te tiennent \u00e0 c\u0153ur que tu souhaiterais en priorit\u00e9 faire avancer avec mia&nbsp;?<\/h2>\n\n\n\n<p><em>\u00ab&nbsp;Effectivement. Ces derni\u00e8res ann\u00e9es, je me suis int\u00e9ress\u00e9 puis r\u00e9ellement passionn\u00e9 pour ces sujets. La crise de la biodiversit\u00e9 et la crise climatique sont les plus grands d\u00e9fis que l\u2019humanit\u00e9 n\u2019ait jamais eu \u00e0 relever. L\u2019Homme est responsable de changements depuis 100 ans comme il n\u2019y en a pas eu depuis plusieurs milliers d\u2019ann\u00e9es. On l\u2019oublie trop mais&nbsp;nos soci\u00e9t\u00e9s sont pleinement ancr\u00e9es dans et d\u00e9pendantes de l\u2019environnement. Aussi, les services \u00e9cosyst\u00e9miques mis \u00e0 disposition gratuitement par la nature sont \u00e0 la base de toutes les activit\u00e9s humaines. L\u2019ensemble de ces enjeux complexes doivent \u00eatre abord\u00e9s avec pragmatisme, lucidit\u00e9, d\u00e9termination mais \u00e9galement&nbsp;avec&nbsp;l\u2019ambition qu\u2019exige la situation.<\/em><\/p>\n\n\n\n<p><em>C\u2019est tout le sens de mon engagement au sein de mia. Les donn\u00e9es relatives \u00e0 ces enjeux, nous continuerons de les int\u00e9grer dans mia pour permettre \u00e0 nos partenaires de r\u00e9pondre, encore mieux, aux d\u00e9fis gigantesques de ce si\u00e8cle. Il n\u2019y a pas d\u2019\u00e9conomie durable dans un monde qui ne le serait pas. Relever les d\u00e9fis soci\u00e9taux impose de positionner les enjeux humains au coeur des enjeux de son environnement.&nbsp;\u00bb<\/em><\/p>\n","protected":false},"excerpt":{"rendered":"<p>Interview retranscrite depuis le site https:\/\/www.mapinaction.com\/actualites Nous sommes heureux de vous annoncer&nbsp;l\u2019arriv\u00e9e dans l\u2019\u00e9quipe de map in action d\u2019Olivier Brunner, notre nouveau&nbsp;chef de projet g\u00e9omatique et environnement&nbsp;! Sans compter nos nombreux partenaires et sous-traitants, nous voil\u00e0 donc d\u00e9sormais&nbsp;7 \u00e0 vivre l\u2019aventure mia \u00ab&nbsp;de l\u2019int\u00e9rieur&nbsp;\u00bb. Nous avons souhait\u00e9 donner la parole \u00e0 Olivier \u00e0 l\u2019occasion de&hellip;&nbsp;<a href=\"https:\/\/olivierbrunner.org\/index.php\/2020\/10\/02\/le-debut-dune-collaboration-avec-map-in-action\/\" rel=\"bookmark\">Lire la suite &raquo;<span class=\"screen-reader-text\">Le d\u00e9but d&rsquo;une collaboration avec map in action<\/span><\/a><\/p>\n","protected":false},"author":1,"featured_media":0,"comment_status":"closed","ping_status":"open","sticky":false,"template":"","format":"standard","meta":{"neve_meta_sidebar":"","neve_meta_container":"","neve_meta_enable_content_width":"","neve_meta_content_width":0,"neve_meta_title_alignment":"","neve_meta_author_avatar":"","neve_post_elements_order":"","neve_meta_disable_header":"","neve_meta_disable_footer":"","neve_meta_disable_title":""},"categories":[1],"tags":[],"_links":{"self":[{"href":"https:\/\/olivierbrunner.org\/index.php\/wp-json\/wp\/v2\/posts\/55"}],"collection":[{"href":"https:\/\/olivierbrunner.org\/index.php\/wp-json\/wp\/v2\/posts"}],"about":[{"href":"https:\/\/olivierbrunner.org\/index.php\/wp-json\/wp\/v2\/types\/post"}],"author":[{"embeddable":true,"href":"https:\/\/olivierbrunner.org\/index.php\/wp-json\/wp\/v2\/users\/1"}],"replies":[{"embeddable":true,"href":"https:\/\/olivierbrunner.org\/index.php\/wp-json\/wp\/v2\/comments?post=55"}],"version-history":[{"count":2,"href":"https:\/\/olivierbrunner.org\/index.php\/wp-json\/wp\/v2\/posts\/55\/revisions"}],"predecessor-version":[{"id":57,"href":"https:\/\/olivierbrunner.org\/index.php\/wp-json\/wp\/v2\/posts\/55\/revisions\/57"}],"wp:attachment":[{"href":"https:\/\/olivierbrunner.org\/index.php\/wp-json\/wp\/v2\/media?parent=55"}],"wp:term":[{"taxonomy":"category","embeddable":true,"href":"https:\/\/olivierbrunner.org\/index.php\/wp-json\/wp\/v2\/categories?post=55"},{"taxonomy":"post_tag","embeddable":true,"href":"https:\/\/olivierbrunner.org\/index.php\/wp-json\/wp\/v2\/tags?post=55"}],"curies":[{"name":"wp","href":"https:\/\/api.w.org\/{rel}","templated":true}]}}